{"id":441,"date":"2025-10-02T13:08:38","date_gmt":"2025-10-02T18:08:38","guid":{"rendered":"https:\/\/odecarequipa.com\/?p=441"},"modified":"2026-03-27T05:29:56","modified_gmt":"2026-03-27T10:29:56","slug":"primaria-2025","status":"publish","type":"post","link":"https:\/\/odecarequipa.com\/index.php\/2025\/10\/02\/primaria-2025\/","title":{"rendered":"Primaria &#8211; Matrices y Fichas 2026"},"content":{"rendered":"<p>\n\n\n<p><\/p>\n\n\n\n<p>Matr\u00edz de planificaci\u00f3n curricular del Nivel Primario de Educaci\u00f3n Religiosa 2026<\/p>\n\n\n\n<p><\/p>\n\n\n\n<p><strong>PRIMERO<\/strong><\/p>\n\n\n\n<ul class=\"wp-block-list\">\n<li class=\"has-white-color has-text-color has-link-color wp-elements-5a3a33df005c65f5ef45dab1bb8bbedf\">1\n<ul class=\"wp-block-list\">\n<li class=\"has-black-color has-text-color has-link-color wp-elements-cf0fcbc6c419a86e5b84864b848973f9\"><a href=\"https:\/\/odecarequipa.com\/wp-content\/uploads\/2026\/03\/MATRIZ-PRIMARIA-2026-PRIMER-GRADO.pdf\">Matriz de Primero Primaria<\/a><\/li>\n\n\n\n<li class=\"has-white-color has-text-color has-link-color wp-elements-79ca98457ebd51b30ed33b900e864b6d\"><\/li>\n\n\n\n<li class=\"has-black-color has-text-color has-link-color wp-elements-48e96488cdcc0d0f84cc2096921ae2cf\"><a href=\"https:\/\/odecarequipa.com\/wp-content\/uploads\/2025\/10\/FICHAS_PRIMERO_PARTE_1.pdf\">Fichas de Primero 1 Parte<\/a><\/li>\n\n\n\n<li class=\"has-white-color has-text-color has-link-color wp-elements-79ca98457ebd51b30ed33b900e864b6d\"><\/li>\n\n\n\n<li class=\"has-black-color has-text-color has-link-color wp-elements-63ce40cc69bda6bacf1bff46b8b8f7dd\"><a href=\"https:\/\/odecarequipa.com\/wp-content\/uploads\/2025\/10\/FICHAS_PRIMERO_PARTE_2.pdf\">Fichas de Primero 2 Parte<\/a><\/li>\n<\/ul>\n<\/li>\n<\/ul>\n\n\n\n<p><\/p>\n\n\n\n<p><strong>SEGUNDO<\/strong><\/p>\n\n\n\n<ul class=\"wp-block-list\">\n<li class=\"has-white-color has-text-color has-link-color wp-elements-0936d0e0363ea4b0e58f63d233b47eb5\">1\n<ul class=\"wp-block-list\">\n<li class=\"has-black-color has-text-color has-link-color wp-elements-f2410060c6d01921dc6e0a15a548913a\"><a href=\"https:\/\/odecarequipa.com\/wp-content\/uploads\/2026\/03\/MATRIZ_PRIMARIA_2026_SEGUNDO_GRADO.pdf\">Matriz de Segundo Primaria<\/a><\/li>\n\n\n\n<li class=\"has-white-color has-text-color has-link-color wp-elements-79ca98457ebd51b30ed33b900e864b6d\"><\/li>\n\n\n\n<li class=\"has-black-color has-text-color has-link-color wp-elements-16081faee4ffa29462b1e034fa797dab\"><a href=\"https:\/\/odecarequipa.com\/wp-content\/uploads\/2025\/10\/FICHAS_SEGUNDO_PARTE_1.pdf\">Fichas de Segundo 1 Parte<\/a><\/li>\n\n\n\n<li class=\"has-white-color has-text-color has-link-color wp-elements-79ca98457ebd51b30ed33b900e864b6d\"><\/li>\n\n\n\n<li class=\"has-black-color has-text-color has-link-color wp-elements-a4c681dc34cadfb3cc68459b8616d283\"><a href=\"https:\/\/odecarequipa.com\/wp-content\/uploads\/2025\/10\/FICHAS_SEGUNDO_PARTE_2.pdf\">Fichas de Segundo 2 Parte<\/a><\/li>\n<\/ul>\n<\/li>\n<\/ul>\n\n\n<\/p>\n<p>\n\n\n<p><\/p>\n\n\n\n<p><strong>TERCERO<\/strong><\/p>\n\n\n\n<ul class=\"wp-block-list\">\n<li class=\"has-white-color has-text-color has-link-color wp-elements-e16516e43c8c28488963093f668c3645\">1\n<ul class=\"wp-block-list\">\n<li class=\"has-black-color has-text-color has-link-color wp-elements-fab1260e30390fe6b11451d99bd933c2\"><a href=\"https:\/\/odecarequipa.com\/wp-content\/uploads\/2026\/03\/MATRIZ_PRIMARIA_2026_TERCER_GRADO.docx.pdf\">Matriz de Tercero Primaria<\/a><\/li>\n\n\n\n<li class=\"has-white-color has-text-color has-link-color wp-elements-79ca98457ebd51b30ed33b900e864b6d\"><\/li>\n\n\n\n<li class=\"has-black-color has-text-color has-link-color wp-elements-9fcce75fe552b40c067143f300ec7f32\"><a href=\"https:\/\/odecarequipa.com\/wp-content\/uploads\/2025\/10\/FICHAS_TERCERO_PARTE_1.pdf\">Fichas de Tercero 1 Parte<\/a><\/li>\n\n\n\n<li class=\"has-white-color has-text-color has-link-color wp-elements-79ca98457ebd51b30ed33b900e864b6d\"><\/li>\n\n\n\n<li class=\"has-black-color has-text-color has-link-color wp-elements-9a04f14aad242a74d82db9d642f393f6\"><a href=\"https:\/\/odecarequipa.com\/wp-content\/uploads\/2025\/10\/FICHAS_TERCERO_PARTE_2.pdf\">Fichas de Tercero 2 Parte<\/a><\/li>\n<\/ul>\n<\/li>\n<\/ul>\n\n\n\n<p><\/p>\n\n\n\n<p><strong>CUARTO<\/strong><\/p>\n\n\n\n<ul class=\"wp-block-list\">\n<li class=\"has-white-color has-text-color has-link-color wp-elements-109f0343d8f79d22874d574d49721336\">1\n<ul class=\"wp-block-list\">\n<li class=\"has-black-color has-text-color has-link-color wp-elements-bfb3eb01021b238a379a700c1ea8a5d7\"><a href=\"https:\/\/odecarequipa.com\/wp-content\/uploads\/2025\/10\/MATRIZ_PRIMARIA_2025_CUARTO_GRADO.pdf\"><\/a><a href=\"https:\/\/odecarequipa.com\/wp-content\/uploads\/2026\/03\/MATRIZ_PRIMARIA_2026_CUARTO_GRADO.pdf\">Matriz de Cuarto Primaria<\/a><\/li>\n\n\n\n<li class=\"has-white-color has-text-color has-link-color wp-elements-79ca98457ebd51b30ed33b900e864b6d\"><\/li>\n\n\n\n<li class=\"has-black-color has-text-color has-link-color wp-elements-0b45e1f3d18b62bb12cc7f0d485dfd6e\"><a href=\"https:\/\/odecarequipa.com\/wp-content\/uploads\/2025\/10\/FICHA_CUARTO_2025-3.pdf\"><\/a><a href=\"https:\/\/odecarequipa.com\/wp-content\/uploads\/2025\/10\/FICHA_CUARTO_2025-3.pdf\">Fichas de Cuarto 2025<\/a><\/li>\n\n\n\n<li class=\"has-white-color has-text-color has-link-color wp-elements-79ca98457ebd51b30ed33b900e864b6d\"><\/li>\n<\/ul>\n<\/li>\n<\/ul>\n\n\n<\/p>\n<p>\n\n\n<p><\/p>\n\n\n\n<p><strong>QUINTO<\/strong><\/p>\n\n\n\n<ul class=\"wp-block-list\">\n<li class=\"has-white-color has-text-color has-link-color wp-elements-302b95182a49794ca0464fae9b1dba20\">1\n<ul class=\"wp-block-list\">\n<li class=\"has-black-color has-text-color has-link-color wp-elements-97f76cdf38d5cbc4fb819d58fa3b7a8b\"><a href=\"https:\/\/odecarequipa.com\/wp-content\/uploads\/2026\/03\/MATRIZ_PRIMARIA_2026_QUINTO_GRADO.pdf\">Matr\u00edz de Quinto Primaria<\/a><\/li>\n\n\n\n<li class=\"has-white-color has-text-color has-link-color wp-elements-79ca98457ebd51b30ed33b900e864b6d\"><\/li>\n\n\n\n<li class=\"has-black-color has-text-color has-link-color wp-elements-12c27f0dbad3f09157f55f0655c10e85\"><a href=\"https:\/\/odecarequipa.com\/wp-content\/uploads\/2025\/10\/FICHAS_QUINTO_PARTE_1.pdf\">Fichas de Quinto 1 Parte<\/a><\/li>\n\n\n\n<li class=\"has-white-color has-text-color has-link-color wp-elements-79ca98457ebd51b30ed33b900e864b6d\"><\/li>\n\n\n\n<li class=\"has-black-color has-text-color has-link-color wp-elements-eb0f1bba3034a499dd14564a597ad6d0\"><a href=\"https:\/\/odecarequipa.com\/wp-content\/uploads\/2025\/10\/FICHAS_QUINTO_PARTE_2.pdf\">Fichas de Quinto 2 Parte<\/a><\/li>\n<\/ul>\n<\/li>\n<\/ul>\n\n\n\n<p><\/p>\n\n\n\n<p><strong>SEXTO<\/strong><\/p>\n\n\n\n<ul class=\"wp-block-list\">\n<li class=\"has-white-color has-text-color has-link-color wp-elements-3da6f0f40ec758a6a5ec799cd4b1551e\">1\n<ul class=\"wp-block-list\">\n<li class=\"has-black-color has-text-color has-link-color wp-elements-b1f36b368d1f3216d08eb8d853ef8e36\"><a href=\"https:\/\/odecarequipa.com\/wp-content\/uploads\/2025\/10\/MATRIZ_PRIMARIA__2025_SEXTO_GRADO.pdf\"><\/a><a href=\"https:\/\/odecarequipa.com\/wp-content\/uploads\/2026\/03\/MATRIZ_PRIMARIA__2026_SEXTO_GRADO.pdf\">Matr\u00edz de Sexto Primaria<\/a><\/li>\n\n\n\n<li class=\"has-white-color has-text-color has-link-color wp-elements-79ca98457ebd51b30ed33b900e864b6d\"><\/li>\n\n\n\n<li class=\"has-black-color has-text-color has-link-color wp-elements-bcacc1bed0b892a8902d109acfd4a75e\"><a href=\"https:\/\/odecarequipa.com\/wp-content\/uploads\/2025\/10\/FICHA_SEXTO_PARTE_1.pdf\"><\/a><a href=\"https:\/\/odecarequipa.com\/wp-content\/uploads\/2025\/10\/FICHA_SEXTO_PARTE_1.pdf\">Fichas de Sexto 1 Parte<\/a><\/li>\n\n\n\n<li class=\"has-white-color has-text-color has-link-color wp-elements-79ca98457ebd51b30ed33b900e864b6d\"><\/li>\n\n\n\n<li class=\"has-black-color has-text-color has-link-color wp-elements-ed8cca611ad9005b0c5a52ebc5616357\"><a href=\"https:\/\/odecarequipa.com\/wp-content\/uploads\/2025\/10\/FICHAS_QUINTO_PARTE_2.pdf\"><\/a><a href=\"https:\/\/odecarequipa.com\/wp-content\/uploads\/2025\/10\/FICHA_SEXTO_PARTE_2.pdf\">Ficha de <\/a><a href=\"https:\/\/odecarequipa.com\/wp-content\/uploads\/2025\/10\/FICHA_SEXTO_PARTE_2.pdf\">S<\/a><a href=\"https:\/\/odecarequipa.com\/wp-content\/uploads\/2025\/10\/FICHAS_QUINTO_PARTE_2.pdf\"><\/a><a href=\"https:\/\/odecarequipa.com\/wp-content\/uploads\/2025\/10\/FICHA_SEXTO_PARTE_2.pdf\">exto 2 Parte<\/a><\/li>\n<\/ul>\n<\/li>\n<\/ul>\n\n\n<\/p>\n<ul>\n<li style=\"list-style-type: none;\">\n<ul>\n<ul>\n<li style=\"list-style-type: none;\">\n<ul>\n\n\n<p><\/p>\n","protected":false},"excerpt":{"rendered":"<p>Matr\u00edz de planificaci\u00f3n curricular del Nivel Primario de Educaci\u00f3n Religiosa 2026 PRIMERO SEGUNDO TERCERO CUARTO QUINTO SEXTO<\/p>\n","protected":false},"author":1,"featured_media":0,"comment_status":"open","ping_status":"open","sticky":false,"template":"","format":"standard","meta":{"footnotes":""},"categories":[16],"tags":[],"class_list":["post-441","post","type-post","status-publish","format-standard","hentry","category-primaria"],"_links":{"self":[{"href":"https:\/\/odecarequipa.com\/index.php\/wp-json\/wp\/v2\/posts\/441","targetHints":{"allow":["GET"]}}],"collection":[{"href":"https:\/\/odecarequipa.com\/index.php\/wp-json\/wp\/v2\/posts"}],"about":[{"href":"https:\/\/odecarequipa.com\/index.php\/wp-json\/wp\/v2\/types\/post"}],"author":[{"embeddable":true,"href":"https:\/\/odecarequipa.com\/index.php\/wp-json\/wp\/v2\/users\/1"}],"replies":[{"embeddable":true,"href":"https:\/\/odecarequipa.com\/index.php\/wp-json\/wp\/v2\/comments?post=441"}],"version-history":[{"count":35,"href":"https:\/\/odecarequipa.com\/index.php\/wp-json\/wp\/v2\/posts\/441\/revisions"}],"predecessor-version":[{"id":875,"href":"https:\/\/odecarequipa.com\/index.php\/wp-json\/wp\/v2\/posts\/441\/revisions\/875"}],"wp:attachment":[{"href":"https:\/\/odecarequipa.com\/index.php\/wp-json\/wp\/v2\/media?parent=441"}],"wp:term":[{"taxonomy":"category","embeddable":true,"href":"https:\/\/odecarequipa.com\/index.php\/wp-json\/wp\/v2\/categories?post=441"},{"taxonomy":"post_tag","embeddable":true,"href":"https:\/\/odecarequipa.com\/index.php\/wp-json\/wp\/v2\/tags?post=441"}],"curies":[{"name":"wp","href":"https:\/\/api.w.org\/{rel}","templated":true}]}}